{"id":986,"date":"2022-11-11T15:39:47","date_gmt":"2022-11-11T18:39:47","guid":{"rendered":"https:\/\/brindisi.com.br\/?p=986"},"modified":"2023-01-17T11:37:13","modified_gmt":"2023-01-17T14:37:13","slug":"sustentabilidade","status":"publish","type":"post","link":"https:\/\/brindisi.com.br\/index.php\/2022\/11\/11\/sustentabilidade\/","title":{"rendered":"Consumo Sustent\u00e1vel da \u00c1gua"},"content":{"rendered":"\t\t<div data-elementor-type=\"wp-post\" data-elementor-id=\"986\" class=\"elementor elementor-986\">\n\t\t\t\t\t\t<section class=\"elementor-section elementor-top-section elementor-element elementor-element-5f099a3 elementor-section-boxed elementor-section-height-default elementor-section-height-default wpr-particle-no wpr-jarallax-no wpr-parallax-no wpr-sticky-section-no wpr-equal-height-no\" data-id=\"5f099a3\" data-element_type=\"section\">\n\t\t\t\t\t\t<div class=\"elementor-container elementor-column-gap-default\">\n\t\t\t\t\t<div class=\"elementor-column elementor-col-16 elementor-top-column elementor-element elementor-element-252d244\" data-id=\"252d244\" data-element_type=\"column\">\n\t\t\t<div class=\"elementor-widget-wrap\">\n\t\t\t\t\t\t\t<\/div>\n\t\t<\/div>\n\t\t\t\t<div class=\"elementor-column elementor-col-66 elementor-top-column elementor-element elementor-element-b2871d9\" data-id=\"b2871d9\" data-element_type=\"column\">\n\t\t\t<div class=\"elementor-widget-wrap elementor-element-populated\">\n\t\t\t\t\t\t<div class=\"elementor-element elementor-element-c1704b9 elementor-widget elementor-widget-image\" data-id=\"c1704b9\" data-element_type=\"widget\" data-widget_type=\"image.default\">\n\t\t\t\t<div class=\"elementor-widget-container\">\n\t\t\t\t\t\t\t\t\t\t\t\t\t\t\t<img fetchpriority=\"high\" decoding=\"async\" width=\"901\" height=\"601\" src=\"https:\/\/brindisi.com.br\/wp-content\/uploads\/2022\/11\/Brindisirep.jpg\" class=\"attachment-large size-large wp-image-988\" alt=\"\" srcset=\"https:\/\/brindisi.com.br\/wp-content\/uploads\/2022\/11\/Brindisirep.jpg 901w, https:\/\/brindisi.com.br\/wp-content\/uploads\/2022\/11\/Brindisirep-300x200.jpg 300w, https:\/\/brindisi.com.br\/wp-content\/uploads\/2022\/11\/Brindisirep-768x512.jpg 768w\" sizes=\"(max-width: 901px) 100vw, 901px\" \/>\t\t\t\t\t\t\t\t\t\t\t\t\t\t\t<\/div>\n\t\t\t\t<\/div>\n\t\t\t\t\t<\/div>\n\t\t<\/div>\n\t\t\t\t<div class=\"elementor-column elementor-col-16 elementor-top-column elementor-element elementor-element-f72e4b2\" data-id=\"f72e4b2\" data-element_type=\"column\">\n\t\t\t<div class=\"elementor-widget-wrap\">\n\t\t\t\t\t\t\t<\/div>\n\t\t<\/div>\n\t\t\t\t\t<\/div>\n\t\t<\/section>\n\t\t\t\t<section class=\"elementor-section elementor-top-section elementor-element elementor-element-4f40532 elementor-section-boxed elementor-section-height-default elementor-section-height-default wpr-particle-no wpr-jarallax-no wpr-parallax-no wpr-sticky-section-no wpr-equal-height-no\" data-id=\"4f40532\" data-element_type=\"section\">\n\t\t\t\t\t\t<div class=\"elementor-container elementor-column-gap-default\">\n\t\t\t\t\t<div class=\"elementor-column elementor-col-100 elementor-top-column elementor-element elementor-element-8536b1b\" data-id=\"8536b1b\" data-element_type=\"column\">\n\t\t\t<div class=\"elementor-widget-wrap elementor-element-populated\">\n\t\t\t\t\t\t<div class=\"elementor-element elementor-element-57fda43 elementor-widget elementor-widget-heading\" data-id=\"57fda43\" data-element_type=\"widget\" data-widget_type=\"heading.default\">\n\t\t\t\t<div class=\"elementor-widget-container\">\n\t\t\t\t\t<h2 class=\"elementor-heading-title elementor-size-default\">Consumo Sustent\u00e1vel de \u00c1gua<\/h2>\t\t\t\t<\/div>\n\t\t\t\t<\/div>\n\t\t\t\t<div class=\"elementor-element elementor-element-6d9203fc elementor-widget elementor-widget-text-editor\" data-id=\"6d9203fc\" data-element_type=\"widget\" data-widget_type=\"text-editor.default\">\n\t\t\t\t<div class=\"elementor-widget-container\">\n\t\t\t\t\t\t\t\t\t\n<p>Ano ap\u00f3s ano as manchetes dos notici\u00e1rios n\u00e3o mudam, em fun\u00e7\u00e3o do m\u00eas&nbsp;de janeiro estamos vivendo inunda\u00e7\u00f5es resultando em&nbsp;pessoas desalojadas e preju\u00edzos incalcul\u00e1veis,&nbsp;estiagem que inicia em abril e que ultimamente \u00e9 basicamente garantida.<\/p>\n\n\n\n<p>&nbsp;A redu\u00e7\u00e3o das chuvas, falta de tratamento de esgoto,&nbsp; falta de educa\u00e7\u00e3o ambiental e conscientiza\u00e7\u00e3o da popula\u00e7\u00e3o s\u00e3o as principais causas da&nbsp; falta de \u00e1gua que impacta nosso dia a dia.<\/p>\n\n\n\n<p>E qual a sua parte nisso? Como&nbsp;voc\u00ea se comporta frente a um vazamento de \u00e1gua, seja ele&nbsp;onde for?&nbsp;<\/p>\n\n\n\n<p>Uma pesquisa realizada em maio\/2021, pelo Instituto Trata Brasil, mostrou que quase 40 % de toda \u00e1gua tratada no Brasil \u00e9 desperdi\u00e7ada. A pesquisa mostrou tamb\u00e9m que o<strong> <\/strong>volume desperdi\u00e7ado em 2019 seria suficiente para abastecer 63 milh\u00f5es de pessoas durante um ano.<\/p>\n\n\n\n<p>No Brasil, 35 milh\u00f5es de pessoas n\u00e3o t\u00eam \u00e1gua tratada nem para lavar as m\u00e3os, a\u00e7\u00e3o b\u00e1sica e indispens\u00e1vel para evitar a contamina\u00e7\u00e3o por Covid-19, por exemplo.&nbsp;<\/p>\n\n\n\n<p><em><a href=\"https:\/\/cbn.globoradio.globo.com\/media\/audio\/335417\/brasil-tem-12-da-agua-doce-do-mundo-mas-trata-mal-.htm\" target=\"_blank\" rel=\"noopener\">Brasil tem 12% da \u00e1gua doce do mundo, mas trata mal esse ativo<\/a><\/em><em>.<\/em><\/p>\n\n\n\n<p>Se a perda de \u00e1gua tratada fosse reduzida para 25%, a quantidade poupada seria suficiente para atender todas as favelas do pa\u00eds por quase tr\u00eas anos.&nbsp;<\/p>\n\n\n\n<p>Entre as causas desse desperd\u00edcio est\u00e3o roubos, fraudes e erros de medi\u00e7\u00e3o. Mas, o principal problema est\u00e1 nos vazamentos, que correspondem a mais de 60% de \u00e1gua perdida<\/p>\n\n\n\n<p>Os impactos s\u00e3o m\u00faltiplos, principalmente, na natureza, porque as empresas t\u00eam que tirar mais \u00e1gua da natureza do que era necess\u00e1rio. Tem um impacto econ\u00f4mico muito grande, porque essa \u00e1gua custa para ser fabricada. E tamb\u00e9m o impacto social. \u201cPorque as pessoas que ficam sem \u00e1gua s\u00e3o as que moram mais longe, normalmente nas periferias, nas \u00e1reas mais pobres\u201d.&nbsp;<\/p>\n\n\n\n<p>A falta de \u00e1gua tamb\u00e9m tem rela\u00e7\u00e3o com o desmatamento. A perda de vegeta\u00e7\u00e3o prejudica a absor\u00e7\u00e3o e a pureza da \u00e1gua:&nbsp;&#8220;Existe uma liga\u00e7\u00e3o direta entre a floresta e a produ\u00e7\u00e3o de \u00e1gua das \u00e1reas de mananciais. A vegeta\u00e7\u00e3o \u00e9 um elemento que protege o solo, mantendo o solo \u00famido. Isso permite que a produ\u00e7\u00e3o de \u00e1gua se mantenha mesmo em per\u00edodos de estiagem&#8221;.&nbsp;<\/p>\n\n\n\n<p>O \u00edndice de perda do Brasil em 2019 foi pior que o de pa\u00edses como Eti\u00f3pia, Camar\u00f5es, \u00c1frica do Sul e Pol\u00f4nia. &nbsp;A regi\u00e3o Norte do pa\u00eds \u00e9 a que tem o pior \u00edndice, perdendo mais da metade da \u00e1gua produzida. Ao todo, 55,2% da \u00e1gua tratada n\u00e3o chegam \u00e0s casas das pessoas.&nbsp; J\u00e1 Goi\u00e1s \u00e9 o Estado com maior efici\u00eancia na entrega de \u00e1gua limpa \u00e0 popula\u00e7\u00e3o, com perda de 29%.<\/p>\n\n\n\n<p>N\u00e3o podemos continuar nos comportando da mesma forma. Vivemos um tempo que nossas a\u00e7\u00f5es locais refletem direta e rapidamente para toda comunidade. N\u00e3o podemos nos comportar como se nada estivesse acontecendo: conviver com uma torneira pingando, lavar a lou\u00e7a ou&nbsp; escovar os dentes com a torneira aberta s\u00e3o atitudes que n\u00e3o cabem mais na nossa vida.<\/p>\n\n\n\n<p>A \u00e1gua pode n\u00e3o faltar na sua torneira, mas sua escassez impacta diversos setores, incluindo a economia, na medida em que se torna escassa, e fica mais cara.<\/p>\n\n\n\n<p>Parar de ser expectador e colaborar com pequenas a\u00e7\u00f5es locais podem beneficiar toda&nbsp;popula\u00e7\u00e3o. Quando nos comportamos com respeito e cuidado com a \u00e1gua, uma onda de bem aventuran\u00e7a&nbsp; se espalha e atrav\u00e9s do exemplo, inspiramos outras&nbsp; pessoas a colaborar pela valoriza\u00e7\u00e3o desse recurso t\u00e3o importante.<\/p>\n\n\n\n<p>Trata-se de um trabalho de formiguinha, mas que \u00e9 perfeitamente poss\u00edvel:<\/p>\n\n\n\n<p>Onde quer que passe, fique atento e n\u00e3o deixe de agir quando puder!&nbsp;<\/p>\n\n\n\n<p>Se nos conscientizarmos da responsabilidade e import\u00e2ncia do consumo sustent\u00e1vel, certamente sairemos do camarote, nos tornando agentes ativos na prote\u00e7\u00e3o da \u00e1gua&nbsp; e consequentemente colaborando para que todos tenham uma vida melhor.&nbsp;<\/p>\n\n\n\n<p>Colabore!&nbsp;<\/p>\n\n\n\n<figure class=\"wp-block-table\"><table><tbody><tr><td><strong>Sintoma&nbsp;<\/strong><\/td><td><strong>Corre\u00e7\u00e3o<\/strong><\/td><\/tr><tr><td>\u00c1gua pingando em torneiras e registros<\/td><td>Troca de vedante ou&nbsp; reparo&nbsp;<\/td><\/tr><tr><td>V\u00e1lvulas Descarga vazando no vaso ou&nbsp; na pr\u00f3pria v\u00e1lvula<\/td><td>Troca do Reparo da V\u00e1lvula&nbsp;<\/td><\/tr><tr><td>Caixa acoplada n\u00e3o&nbsp; se mant\u00e9m cheia&nbsp;<\/td><td>Troque o Obturador<\/td><\/tr><tr><td>Chuveiro Pingando<\/td><td>&nbsp;Troca de vedante ou reparo<\/td><\/tr><tr><td>Mangueira de jardim pingando<\/td><td>Pode estar furada, o esguicho com falhas<\/td><\/tr><tr><td>Agia de chuva despejada na rede pluvial<\/td><td>Armazenamento em Cisternas para uso&nbsp; em jardins e servi\u00e7os em geral<\/td><\/tr><tr><td>Torneiras de locais p\u00fablicos com desperd\u00edcio de \u00e1gua<\/td><td>Torneiras de acionamento autom\u00e1tico&nbsp;<\/td><\/tr><tr><td>\u00c1gua sem for\u00e7a&nbsp;<\/td><td>Instale um pressurizador<\/td><\/tr><\/tbody><\/table><\/figure>\n\t\t\t\t\t\t\t\t<\/div>\n\t\t\t\t<\/div>\n\t\t\t\t\t<\/div>\n\t\t<\/div>\n\t\t\t\t\t<\/div>\n\t\t<\/section>\n\t\t\t\t<\/div>\n\t\t","protected":false},"excerpt":{"rendered":"<p>Consumo Sustent\u00e1vel de \u00c1gua Ano ap\u00f3s ano as manchetes dos notici\u00e1rios n\u00e3o mudam, em fun\u00e7\u00e3o do m\u00eas&nbsp;de janeiro estamos vivendo inunda\u00e7\u00f5es resultando em&nbsp;pessoas desalojadas e preju\u00edzos incalcul\u00e1veis,&nbsp;estiagem que inicia em abril e que ultimamente \u00e9 basicamente garantida. &nbsp;A redu\u00e7\u00e3o das chuvas, falta de tratamento de esgoto,&nbsp; falta de educa\u00e7\u00e3o ambiental e conscientiza\u00e7\u00e3o da popula\u00e7\u00e3o s\u00e3o as principais causas da&nbsp; falta de \u00e1gua que impacta nosso dia a dia. E qual a sua parte nisso? Como&nbsp;voc\u00ea se comporta frente a um vazamento de \u00e1gua, seja ele&nbsp;onde for?&nbsp; Uma pesquisa realizada em maio\/2021, pelo Instituto Trata Brasil, mostrou que quase 40 % de toda \u00e1gua tratada no Brasil \u00e9 desperdi\u00e7ada. A pesquisa mostrou tamb\u00e9m que o volume desperdi\u00e7ado em 2019 seria suficiente para abastecer 63 milh\u00f5es de pessoas durante um ano. No Brasil, 35 milh\u00f5es de pessoas n\u00e3o t\u00eam \u00e1gua tratada nem para lavar as m\u00e3os, a\u00e7\u00e3o b\u00e1sica e indispens\u00e1vel para evitar a contamina\u00e7\u00e3o por Covid-19, por exemplo.&nbsp; Brasil tem 12% da \u00e1gua doce do mundo, mas trata mal esse ativo. Se a perda de \u00e1gua tratada fosse reduzida para 25%, a quantidade poupada seria suficiente para atender todas as favelas do pa\u00eds por quase tr\u00eas anos.&nbsp; Entre as causas desse desperd\u00edcio est\u00e3o roubos, fraudes e erros de medi\u00e7\u00e3o. Mas, o principal problema est\u00e1 nos vazamentos, que correspondem a mais de 60% de \u00e1gua perdida Os impactos s\u00e3o m\u00faltiplos, principalmente, na natureza, porque as empresas t\u00eam que tirar mais \u00e1gua da natureza do que era necess\u00e1rio. Tem um impacto econ\u00f4mico muito grande, porque essa \u00e1gua custa para ser fabricada. E tamb\u00e9m o impacto social. \u201cPorque as pessoas que ficam sem \u00e1gua s\u00e3o as que moram mais longe, normalmente nas periferias, nas \u00e1reas mais pobres\u201d.&nbsp; A falta de \u00e1gua tamb\u00e9m tem rela\u00e7\u00e3o com o desmatamento. A perda de vegeta\u00e7\u00e3o prejudica a absor\u00e7\u00e3o e a pureza da \u00e1gua:&nbsp;&#8220;Existe uma liga\u00e7\u00e3o direta entre a floresta e a produ\u00e7\u00e3o de \u00e1gua das \u00e1reas de mananciais. A vegeta\u00e7\u00e3o \u00e9 um elemento que protege o solo, mantendo o solo \u00famido. Isso permite que a produ\u00e7\u00e3o de \u00e1gua se mantenha mesmo em per\u00edodos de estiagem&#8221;.&nbsp; O \u00edndice de perda do Brasil em 2019 foi pior que o de pa\u00edses como Eti\u00f3pia, Camar\u00f5es, \u00c1frica do Sul e Pol\u00f4nia. &nbsp;A regi\u00e3o Norte do pa\u00eds \u00e9 a que tem o pior \u00edndice, perdendo mais da metade da \u00e1gua produzida. Ao todo, 55,2% da \u00e1gua tratada n\u00e3o chegam \u00e0s casas das pessoas.&nbsp; J\u00e1 Goi\u00e1s \u00e9 o Estado com maior efici\u00eancia na entrega de \u00e1gua limpa \u00e0 popula\u00e7\u00e3o, com perda de 29%. N\u00e3o podemos continuar nos comportando da mesma forma. Vivemos um tempo que nossas a\u00e7\u00f5es locais refletem direta e rapidamente para toda comunidade. N\u00e3o podemos nos comportar como se nada estivesse acontecendo: conviver com uma torneira pingando, lavar a lou\u00e7a ou&nbsp; escovar os dentes com a torneira aberta s\u00e3o atitudes que n\u00e3o cabem mais na nossa vida. A \u00e1gua pode n\u00e3o faltar na sua torneira, mas sua escassez impacta diversos setores, incluindo a economia, na medida em que se torna escassa, e fica mais cara. Parar de ser expectador e colaborar com pequenas a\u00e7\u00f5es locais podem beneficiar toda&nbsp;popula\u00e7\u00e3o. Quando nos comportamos com respeito e cuidado com a \u00e1gua, uma onda de bem aventuran\u00e7a&nbsp; se espalha e atrav\u00e9s do exemplo, inspiramos outras&nbsp; pessoas a colaborar pela valoriza\u00e7\u00e3o desse recurso t\u00e3o importante. Trata-se de um trabalho de formiguinha, mas que \u00e9 perfeitamente poss\u00edvel: Onde quer que passe, fique atento e n\u00e3o deixe de agir quando puder!&nbsp; Se nos conscientizarmos da responsabilidade e import\u00e2ncia do consumo sustent\u00e1vel, certamente sairemos do camarote, nos tornando agentes ativos na prote\u00e7\u00e3o da \u00e1gua&nbsp; e consequentemente colaborando para que todos tenham uma vida melhor.&nbsp; Colabore!&nbsp; Sintoma&nbsp; Corre\u00e7\u00e3o \u00c1gua pingando em torneiras e registros Troca de vedante ou&nbsp; reparo&nbsp; V\u00e1lvulas Descarga vazando no vaso ou&nbsp; na pr\u00f3pria v\u00e1lvula Troca do Reparo da V\u00e1lvula&nbsp; Caixa acoplada n\u00e3o&nbsp; se mant\u00e9m cheia&nbsp; Troque o Obturador Chuveiro Pingando &nbsp;Troca de vedante ou reparo Mangueira de jardim pingando Pode estar furada, o esguicho com falhas Agia de chuva despejada na rede pluvial Armazenamento em Cisternas para uso&nbsp; em jardins e servi\u00e7os em geral Torneiras de locais p\u00fablicos com desperd\u00edcio de \u00e1gua Torneiras de acionamento autom\u00e1tico&nbsp; \u00c1gua sem for\u00e7a&nbsp; Instale um pressurizador<\/p>\n","protected":false},"author":1,"featured_media":988,"comment_status":"open","ping_status":"open","sticky":false,"template":"elementor_canvas","format":"standard","meta":{"om_disable_all_campaigns":false,"_monsterinsights_skip_tracking":false,"_monsterinsights_sitenote_active":false,"_monsterinsights_sitenote_note":"","_monsterinsights_sitenote_category":0,"footnotes":""},"categories":[1],"tags":[19,18],"_links":{"self":[{"href":"https:\/\/brindisi.com.br\/index.php\/wp-json\/wp\/v2\/posts\/986"}],"collection":[{"href":"https:\/\/brindisi.com.br\/index.php\/wp-json\/wp\/v2\/posts"}],"about":[{"href":"https:\/\/brindisi.com.br\/index.php\/wp-json\/wp\/v2\/types\/post"}],"author":[{"embeddable":true,"href":"https:\/\/brindisi.com.br\/index.php\/wp-json\/wp\/v2\/users\/1"}],"replies":[{"embeddable":true,"href":"https:\/\/brindisi.com.br\/index.php\/wp-json\/wp\/v2\/comments?post=986"}],"version-history":[{"count":22,"href":"https:\/\/brindisi.com.br\/index.php\/wp-json\/wp\/v2\/posts\/986\/revisions"}],"predecessor-version":[{"id":1198,"href":"https:\/\/brindisi.com.br\/index.php\/wp-json\/wp\/v2\/posts\/986\/revisions\/1198"}],"wp:featuredmedia":[{"embeddable":true,"href":"https:\/\/brindisi.com.br\/index.php\/wp-json\/wp\/v2\/media\/988"}],"wp:attachment":[{"href":"https:\/\/brindisi.com.br\/index.php\/wp-json\/wp\/v2\/media?parent=986"}],"wp:term":[{"taxonomy":"category","embeddable":true,"href":"https:\/\/brindisi.com.br\/index.php\/wp-json\/wp\/v2\/categories?post=986"},{"taxonomy":"post_tag","embeddable":true,"href":"https:\/\/brindisi.com.br\/index.php\/wp-json\/wp\/v2\/tags?post=986"}],"curies":[{"name":"wp","href":"https:\/\/api.w.org\/{rel}","templated":true}]}}